{"id":494,"date":"2018-10-18T10:53:39","date_gmt":"2018-10-18T14:53:39","guid":{"rendered":"https:\/\/staging.access-school.mysites.io\/?p=494"},"modified":"2019-10-22T20:27:13","modified_gmt":"2019-10-23T00:27:13","slug":"marche-de-laccess-pour-la-sante-mentale","status":"publish","type":"post","link":"https:\/\/access.rsb.rt5.ca\/fr\/marche-de-laccess-pour-la-sante-mentale\/","title":{"rendered":"Marche de l\u2019ACCESS pour la sant\u00e9 mentale"},"content":{"rendered":"<p>Des centaines d\u2019\u00e9l\u00e8ves et membres du personnel ont pris part \u00e0 la Marche de l\u2019ACCESS pour la sant\u00e9 mentale, dans les rues de Saint-Lambert.<\/p>\n<p><a href=\"https:\/\/www.lecourrierdusud.ca\/actualites\/education\/des-centaines-de-participants-a-la-marche-de-laccess-pour-la-sante-mentale\/\">Cliquez ici pour en savoir d&rsquo;avantage dans le Courrier du Sud!<\/a><\/p>\n","protected":false},"excerpt":{"rendered":"<p>Des centaines d\u2019\u00e9l\u00e8ves et membres du personnel ont pris part \u00e0 la Marche de l\u2019ACCESS pour la &#8230;<\/p>\n","protected":false},"author":1,"featured_media":0,"comment_status":"open","ping_status":"open","sticky":false,"template":"","format":"standard","meta":[],"categories":[12],"tags":[],"yoast_head":"<!-- This site is optimized with the Yoast SEO plugin v18.3 - https:\/\/yoast.com\/wordpress\/plugins\/seo\/ -->\n<title>Marche de l\u2019ACCESS pour la sant\u00e9 mentale - Access<\/title>\n<meta name=\"robots\" content=\"index, follow, max-snippet:-1, max-image-preview:large, max-video-preview:-1\" \/>\n<link rel=\"canonical\" href=\"https:\/\/access.rsb.rt5.ca\/fr\/marche-de-laccess-pour-la-sante-mentale\/\" \/>\n<meta property=\"og:locale\" content=\"fr_FR\" \/>\n<meta property=\"og:type\" content=\"article\" \/>\n<meta property=\"og:title\" content=\"Marche de l\u2019ACCESS pour la sant\u00e9 mentale - Access\" \/>\n<meta property=\"og:description\" content=\"Des centaines d\u2019\u00e9l\u00e8ves et membres du personnel ont pris part \u00e0 la Marche de l\u2019ACCESS pour la ...\" \/>\n<meta property=\"og:url\" content=\"https:\/\/access.rsb.rt5.ca\/fr\/marche-de-laccess-pour-la-sante-mentale\/\" \/>\n<meta property=\"og:site_name\" content=\"Access\" \/>\n<meta property=\"article:published_time\" content=\"2018-10-18T14:53:39+00:00\" \/>\n<meta property=\"article:modified_time\" content=\"2019-10-23T00:27:13+00:00\" \/>\n<meta name=\"twitter:card\" content=\"summary_large_image\" \/>\n<meta name=\"twitter:label1\" content=\"\u00c9crit par\" \/>\n\t<meta name=\"twitter:data1\" content=\"admin\" \/>\n<script type=\"application\/ld+json\" class=\"yoast-schema-graph\">{\"@context\":\"https:\/\/schema.org\",\"@graph\":[{\"@type\":\"WebSite\",\"@id\":\"https:\/\/access.rsb.rt5.ca\/#website\",\"url\":\"https:\/\/access.rsb.rt5.ca\/\",\"name\":\"Access\",\"description\":\"Brillant comme vous l&#039;\u00eates\",\"potentialAction\":[{\"@type\":\"SearchAction\",\"target\":{\"@type\":\"EntryPoint\",\"urlTemplate\":\"https:\/\/access.rsb.rt5.ca\/?s={search_term_string}\"},\"query-input\":\"required name=search_term_string\"}],\"inLanguage\":\"fr-FR\"},{\"@type\":\"WebPage\",\"@id\":\"https:\/\/access.rsb.rt5.ca\/fr\/marche-de-laccess-pour-la-sante-mentale\/#webpage\",\"url\":\"https:\/\/access.rsb.rt5.ca\/fr\/marche-de-laccess-pour-la-sante-mentale\/\",\"name\":\"Marche de l\u2019ACCESS pour la sant\u00e9 mentale - Access\",\"isPartOf\":{\"@id\":\"https:\/\/access.rsb.rt5.ca\/#website\"},\"datePublished\":\"2018-10-18T14:53:39+00:00\",\"dateModified\":\"2019-10-23T00:27:13+00:00\",\"author\":{\"@id\":\"https:\/\/access.rsb.rt5.ca\/#\/schema\/person\/7572fb97b828829b668781800323a446\"},\"breadcrumb\":{\"@id\":\"https:\/\/access.rsb.rt5.ca\/fr\/marche-de-laccess-pour-la-sante-mentale\/#breadcrumb\"},\"inLanguage\":\"fr-FR\",\"potentialAction\":[{\"@type\":\"ReadAction\",\"target\":[\"https:\/\/access.rsb.rt5.ca\/fr\/marche-de-laccess-pour-la-sante-mentale\/\"]}]},{\"@type\":\"BreadcrumbList\",\"@id\":\"https:\/\/access.rsb.rt5.ca\/fr\/marche-de-laccess-pour-la-sante-mentale\/#breadcrumb\",\"itemListElement\":[{\"@type\":\"ListItem\",\"position\":1,\"name\":\"Accueil\",\"item\":\"https:\/\/access.rsb.rt5.ca\/fr\/\"},{\"@type\":\"ListItem\",\"position\":2,\"name\":\"Marche de l\u2019ACCESS pour la sant\u00e9 mentale\"}]},{\"@type\":\"Person\",\"@id\":\"https:\/\/access.rsb.rt5.ca\/#\/schema\/person\/7572fb97b828829b668781800323a446\",\"name\":\"admin\",\"image\":{\"@type\":\"ImageObject\",\"@id\":\"https:\/\/access.rsb.rt5.ca\/#personlogo\",\"inLanguage\":\"fr-FR\",\"url\":\"https:\/\/secure.gravatar.com\/avatar\/cf34550524653fb0b6c1c6088fd005f3?s=96&d=mm&r=g\",\"contentUrl\":\"https:\/\/secure.gravatar.com\/avatar\/cf34550524653fb0b6c1c6088fd005f3?s=96&d=mm&r=g\",\"caption\":\"admin\"},\"url\":\"https:\/\/access.rsb.rt5.ca\/fr\/author\/admin\/\"}]}<\/script>\n<!-- \/ Yoast SEO plugin. -->","yoast_head_json":{"title":"Marche de l\u2019ACCESS pour la sant\u00e9 mentale - Access","robots":{"index":"index","follow":"follow","max-snippet":"max-snippet:-1","max-image-preview":"max-image-preview:large","max-video-preview":"max-video-preview:-1"},"canonical":"https:\/\/access.rsb.rt5.ca\/fr\/marche-de-laccess-pour-la-sante-mentale\/","og_locale":"fr_FR","og_type":"article","og_title":"Marche de l\u2019ACCESS pour la sant\u00e9 mentale - Access","og_description":"Des centaines d\u2019\u00e9l\u00e8ves et membres du personnel ont pris part \u00e0 la Marche de l\u2019ACCESS pour la ...","og_url":"https:\/\/access.rsb.rt5.ca\/fr\/marche-de-laccess-pour-la-sante-mentale\/","og_site_name":"Access","article_published_time":"2018-10-18T14:53:39+00:00","article_modified_time":"2019-10-23T00:27:13+00:00","twitter_card":"summary_large_image","twitter_misc":{"\u00c9crit par":"admin"},"schema":{"@context":"https:\/\/schema.org","@graph":[{"@type":"WebSite","@id":"https:\/\/access.rsb.rt5.ca\/#website","url":"https:\/\/access.rsb.rt5.ca\/","name":"Access","description":"Brillant comme vous l&#039;\u00eates","potentialAction":[{"@type":"SearchAction","target":{"@type":"EntryPoint","urlTemplate":"https:\/\/access.rsb.rt5.ca\/?s={search_term_string}"},"query-input":"required name=search_term_string"}],"inLanguage":"fr-FR"},{"@type":"WebPage","@id":"https:\/\/access.rsb.rt5.ca\/fr\/marche-de-laccess-pour-la-sante-mentale\/#webpage","url":"https:\/\/access.rsb.rt5.ca\/fr\/marche-de-laccess-pour-la-sante-mentale\/","name":"Marche de l\u2019ACCESS pour la sant\u00e9 mentale - Access","isPartOf":{"@id":"https:\/\/access.rsb.rt5.ca\/#website"},"datePublished":"2018-10-18T14:53:39+00:00","dateModified":"2019-10-23T00:27:13+00:00","author":{"@id":"https:\/\/access.rsb.rt5.ca\/#\/schema\/person\/7572fb97b828829b668781800323a446"},"breadcrumb":{"@id":"https:\/\/access.rsb.rt5.ca\/fr\/marche-de-laccess-pour-la-sante-mentale\/#breadcrumb"},"inLanguage":"fr-FR","potentialAction":[{"@type":"ReadAction","target":["https:\/\/access.rsb.rt5.ca\/fr\/marche-de-laccess-pour-la-sante-mentale\/"]}]},{"@type":"BreadcrumbList","@id":"https:\/\/access.rsb.rt5.ca\/fr\/marche-de-laccess-pour-la-sante-mentale\/#breadcrumb","itemListElement":[{"@type":"ListItem","position":1,"name":"Accueil","item":"https:\/\/access.rsb.rt5.ca\/fr\/"},{"@type":"ListItem","position":2,"name":"Marche de l\u2019ACCESS pour la sant\u00e9 mentale"}]},{"@type":"Person","@id":"https:\/\/access.rsb.rt5.ca\/#\/schema\/person\/7572fb97b828829b668781800323a446","name":"admin","image":{"@type":"ImageObject","@id":"https:\/\/access.rsb.rt5.ca\/#personlogo","inLanguage":"fr-FR","url":"https:\/\/secure.gravatar.com\/avatar\/cf34550524653fb0b6c1c6088fd005f3?s=96&d=mm&r=g","contentUrl":"https:\/\/secure.gravatar.com\/avatar\/cf34550524653fb0b6c1c6088fd005f3?s=96&d=mm&r=g","caption":"admin"},"url":"https:\/\/access.rsb.rt5.ca\/fr\/author\/admin\/"}]}},"_links":{"self":[{"href":"https:\/\/access.rsb.rt5.ca\/fr\/wp-json\/wp\/v2\/posts\/494"}],"collection":[{"href":"https:\/\/access.rsb.rt5.ca\/fr\/wp-json\/wp\/v2\/posts"}],"about":[{"href":"https:\/\/access.rsb.rt5.ca\/fr\/wp-json\/wp\/v2\/types\/post"}],"author":[{"embeddable":true,"href":"https:\/\/access.rsb.rt5.ca\/fr\/wp-json\/wp\/v2\/users\/1"}],"replies":[{"embeddable":true,"href":"https:\/\/access.rsb.rt5.ca\/fr\/wp-json\/wp\/v2\/comments?post=494"}],"version-history":[{"count":1,"href":"https:\/\/access.rsb.rt5.ca\/fr\/wp-json\/wp\/v2\/posts\/494\/revisions"}],"predecessor-version":[{"id":2316,"href":"https:\/\/access.rsb.rt5.ca\/fr\/wp-json\/wp\/v2\/posts\/494\/revisions\/2316"}],"wp:attachment":[{"href":"https:\/\/access.rsb.rt5.ca\/fr\/wp-json\/wp\/v2\/media?parent=494"}],"wp:term":[{"taxonomy":"category","embeddable":true,"href":"https:\/\/access.rsb.rt5.ca\/fr\/wp-json\/wp\/v2\/categories?post=494"},{"taxonomy":"post_tag","embeddable":true,"href":"https:\/\/access.rsb.rt5.ca\/fr\/wp-json\/wp\/v2\/tags?post=494"}],"curies":[{"name":"wp","href":"https:\/\/api.w.org\/{rel}","templated":true}]}}